{"id":418,"date":"2021-05-06T10:03:50","date_gmt":"2021-05-06T13:03:50","guid":{"rendered":"https:\/\/www.fau.unlp.edu.ar\/revistas\/doble-via-06\/?p=418"},"modified":"2021-05-07T14:48:21","modified_gmt":"2021-05-07T17:48:21","slug":"intercultural-proyecto-habitar","status":"publish","type":"post","link":"https:\/\/www.fau.unlp.edu.ar\/revistas\/doble-via-06\/acciones\/intercultural-proyecto-habitar\/","title":{"rendered":"Intercultural Proyecto Habitar"},"content":{"rendered":"<p><em>Equipo Extensionista coordinado por la Arqta. Karina Cortina<\/em><\/p>\n<p>A fines de 2019, la trayectoria de 10 a\u00f1os de trabajo junto a Comunidades Ind\u00edgenas del equipo del LATEC, se consolid\u00f3 en la celebraci\u00f3n de Convenios de trabajo espec\u00edficos entre la Universidad -la Facultad de Arquitectura y Urbanismo- y las Comunidades Ind\u00edgenas Mapuche Tehuelche Cacique Pincen y Ava Guaran\u00ed Iwi Imemb\u2019y, quedando pendiente a marzo del 2020, por una cuesti\u00f3n de log\u00edstica de traslados, la firma con la Comunidad Mapuche Curruhuinca y la Asociaci\u00f3n de Vecinos sin Techo por una Vivienda Digna art\u00edfices del Barrio Intercultural de San Mart\u00edn de los Andes (Pcia. de Neuqu\u00e9n).<\/p>\n<p>La presidencia de la Universidad y las autoridades de la Comunidades reconociendo que \u201cLos Estados deben tener en cuenta que los derechos territoriales ind\u00edgenas como un concepto m\u00e1s amplio y diferente que est\u00e1 relacionado con el derecho colectivo a la supervivencia como pueblo organizado, con el control de su h\u00e1bitat como una condici\u00f3n necesaria para la reproducci\u00f3n de la cultura, para su propio desarrollo y para llevar a cabo sus planes de vida\u201d<a href=\"#_ftn1\">[1]<\/a>, acordaron que el objeto de los Convenios consiste en contribuir en el acceso y la promoci\u00f3n del derecho al territorio de la Comunidad y establecer as\u00ed relaciones de complementaci\u00f3n, cooperaci\u00f3n y colaboraci\u00f3n rec\u00edproca a efectos de realizar toda actividad que, desde las tres instancias acad\u00e9micas -ense\u00f1anza, investigaci\u00f3n y extensi\u00f3n universitaria-, resultara de inter\u00e9s mutuo.<\/p>\n<p>En ese marco, la disposici\u00f3n del ASPO modific\u00f3 ciertamente los planes del a\u00f1o, pero no amilan\u00f3 las articulaciones de trabajo conjunto en la medida de las posibilidades que las circunstancias provocaron. Se comparten tres acciones que las representan:<\/p>\n<ul>\n<li>A fines de mayo, junto a un grupo de compa\u00f1eras de la Comunidad Mapuche Curruhuinca, Silvana, Miriam, Mar\u00eda Edth, Nilda y Graciela y el equipo FAU, se gan\u00f3 un subsidio para apoyar la iniciativa de un comedor comunitario que llevan adelante desde el comienzo de la pandemia en territorio de la Comunidad, en el Paraje Trompul Bandurrias (San Mart\u00edn de los Andes Pcia. de Neuqu\u00e9n). La transformaci\u00f3n de un restaurante familiar en un comedor para resolver las necesidades de las familias del Paraje, fue reconocida por el Fondo Iberoamericano de Cocinas Sostenibles, Ibercocinas, entre m\u00e1s de 200 iniciativas. Se seleccionaron 3 por pa\u00eds de siete Naciones de Am\u00e9rica Latina, y Zomo Yagel Piuque Tai\u00f1 Che (Mujeres cocinando de coraz\u00f3n para nuestra gente) fue una de ellas, la m\u00e1s austral de todas.<\/li>\n<li>En octubre, en la semana del D\u00eda del Respeto a la Diversidad Cultural, nos reunimos referentes de las tres comunidades y de la FAU, en el 2do Encuentro &#8220;Derecho al H\u00e1bitat Digno. Derecho al Proyecto.\u201d, y compartimos la experiencia Zomo Yaguel Piuque Tai\u00f1 Che, el reconocimiento de Ibercocinas con experiencias de otras comunidades en desarrollo, la iniciativa de Salud de Pueblos Ind\u00edgenas y la Producci\u00f3n Hort\u00edcola ecol\u00f3gica y los Proyectos de Extensi\u00f3n y Compromiso Universitario. El Derecho a la buena alimentaci\u00f3n, el Derecho a la Salud, al Territorio, al Buen Vivir. El Derecho al H\u00e1bitat Digno. El derecho al Proyecto que contemple todas estas dimensiones fueron los ejes del Encuentro.<\/li>\n<li>Y, la tercera, desde mediados de noviembre hasta hoy, nos encontramos acompa\u00f1ando a la Comunidad Iwi Imemb\u2019y en el reclamo por el derecho al territorio en el partido de La Plata, proceso que hoy se encuentra en v\u00edas de reconocimiento y desarrollo concreto pero que amerit\u00f3 a mediados de diciembre la expresi\u00f3n de apoyo, solidaridad y acompa\u00f1amiento desde la Prosecretar\u00eda de Derechos Humanos de la UNLP, por la sucesi\u00f3n de hechos de amedrentamiento sufridos a partir de la controversia surgida respecto al uso del predio cedido por la Municipalidad de La Plata en la zona de Abasto. Integramos la Mesa de Di\u00e1logo de la Comunidad con la Municipalidad junto a otras organizaciones institucionales, sociales de la regi\u00f3n.<\/li>\n<\/ul>\n<p><a href=\"#_ftnref1\">[1]<\/a> Corte Interamericana de Derechos Humanos. Caso Comunidad ind\u00edgena Yakye Axa Vs. Paraguay (p.146). Sentencia de 17 de junio de 2005. (Fondo, Reparaciones y Costas).<\/p>\n","protected":false},"excerpt":{"rendered":"<p>Equipo Extensionista coordinado por la Arqta. Karina Cortina A fines de 2019, la trayectoria de 10 a\u00f1os de trabajo junto a Comunidades Ind\u00edgenas del equipo del LATEC, se consolid\u00f3 en la celebraci\u00f3n de Convenios de trabajo espec\u00edficos entre la Universidad -la Facultad de Arquitectura y Urbanismo- y las Comunidades Ind\u00edgenas Mapuche Tehuelche Cacique Pincen y [&hellip;]<\/p>\n","protected":false},"author":12,"featured_media":0,"comment_status":"closed","ping_status":"closed","sticky":false,"template":"","format":"standard","meta":{"footnotes":""},"categories":[1],"class_list":["post-418","post","type-post","status-publish","format-standard","hentry","category-acciones"],"_links":{"self":[{"href":"https:\/\/www.fau.unlp.edu.ar\/revistas\/doble-via-06\/wp-json\/wp\/v2\/posts\/418","targetHints":{"allow":["GET"]}}],"collection":[{"href":"https:\/\/www.fau.unlp.edu.ar\/revistas\/doble-via-06\/wp-json\/wp\/v2\/posts"}],"about":[{"href":"https:\/\/www.fau.unlp.edu.ar\/revistas\/doble-via-06\/wp-json\/wp\/v2\/types\/post"}],"author":[{"embeddable":true,"href":"https:\/\/www.fau.unlp.edu.ar\/revistas\/doble-via-06\/wp-json\/wp\/v2\/users\/12"}],"replies":[{"embeddable":true,"href":"https:\/\/www.fau.unlp.edu.ar\/revistas\/doble-via-06\/wp-json\/wp\/v2\/comments?post=418"}],"version-history":[{"count":3,"href":"https:\/\/www.fau.unlp.edu.ar\/revistas\/doble-via-06\/wp-json\/wp\/v2\/posts\/418\/revisions"}],"predecessor-version":[{"id":552,"href":"https:\/\/www.fau.unlp.edu.ar\/revistas\/doble-via-06\/wp-json\/wp\/v2\/posts\/418\/revisions\/552"}],"wp:attachment":[{"href":"https:\/\/www.fau.unlp.edu.ar\/revistas\/doble-via-06\/wp-json\/wp\/v2\/media?parent=418"}],"wp:term":[{"taxonomy":"category","embeddable":true,"href":"https:\/\/www.fau.unlp.edu.ar\/revistas\/doble-via-06\/wp-json\/wp\/v2\/categories?post=418"}],"curies":[{"name":"wp","href":"https:\/\/api.w.org\/{rel}","templated":true}]}}